{"id":2046,"date":"2020-03-16T10:40:36","date_gmt":"2020-03-16T10:40:36","guid":{"rendered":"http:\/\/www.alpwirtschaft.ch\/?p=2046"},"modified":"2020-10-01T11:22:51","modified_gmt":"2020-10-01T11:22:51","slug":"bureau-de-la-ssea","status":"publish","type":"post","link":"https:\/\/www.alpwirtschaft.ch\/fr\/bureau-de-la-ssea\/","title":{"rendered":"Bureau de la SSEA"},"content":{"rendered":"<p>Les bureaux du SAB ne sont pas ouverts en ce moment, pour suivre les recommendations du conseil f\u00e9d\u00e9ral d&rsquo;utiliser les transports publics le moins possible. Vous ne pouvez donc pas non plus atteindre la SSEA par le num\u00e9ro de t\u00e9l\u00e9phone du bureau.<\/p>\n<p>Nous restons tout de m\u00eame \u00e0 votre disposition!<\/p>\n<p>Contactez nous par courriel <a href=\"mailto:info@alpwirtschaft.ch\">info@alpwirtschaft.ch<\/a> ou dans les cas importants sur le num\u00e9ro 076 216 11 20 (Andrea Koch).<\/p>\n<p>Pour les questions concernant la t\u00e9l\u00e9phonie IP: <a href=\"mailto:joerg.beck@alpwirtschaft.ch\">joerg.beck@alpwirtschaft.ch<\/a><\/p>\n","protected":false},"excerpt":{"rendered":"<p>Les bureaux du SAB ne sont pas ouverts en ce moment, pour suivre les recommendations du conseil f\u00e9d\u00e9ral d&rsquo;utiliser les transports publics le moins possible. Vous ne pouvez donc pas non plus atteindre la SSEA par le num\u00e9ro de t\u00e9l\u00e9phone du bureau. Nous restons tout de m\u00eame \u00e0 votre disposition! Contactez nous par courriel info@alpwirtschaft.ch [&hellip;]<\/p>\n","protected":false},"author":5,"featured_media":0,"comment_status":"closed","ping_status":"closed","sticky":false,"template":"","format":"standard","meta":{"ngg_post_thumbnail":0,"footnotes":""},"categories":[9,1],"tags":[],"class_list":["post-2046","post","type-post","status-publish","format-standard","hentry","category-actualites","category-allgemein"],"_links":{"self":[{"href":"https:\/\/www.alpwirtschaft.ch\/fr\/wp-json\/wp\/v2\/posts\/2046","targetHints":{"allow":["GET"]}}],"collection":[{"href":"https:\/\/www.alpwirtschaft.ch\/fr\/wp-json\/wp\/v2\/posts"}],"about":[{"href":"https:\/\/www.alpwirtschaft.ch\/fr\/wp-json\/wp\/v2\/types\/post"}],"author":[{"embeddable":true,"href":"https:\/\/www.alpwirtschaft.ch\/fr\/wp-json\/wp\/v2\/users\/5"}],"replies":[{"embeddable":true,"href":"https:\/\/www.alpwirtschaft.ch\/fr\/wp-json\/wp\/v2\/comments?post=2046"}],"version-history":[{"count":2,"href":"https:\/\/www.alpwirtschaft.ch\/fr\/wp-json\/wp\/v2\/posts\/2046\/revisions"}],"predecessor-version":[{"id":2048,"href":"https:\/\/www.alpwirtschaft.ch\/fr\/wp-json\/wp\/v2\/posts\/2046\/revisions\/2048"}],"wp:attachment":[{"href":"https:\/\/www.alpwirtschaft.ch\/fr\/wp-json\/wp\/v2\/media?parent=2046"}],"wp:term":[{"taxonomy":"category","embeddable":true,"href":"https:\/\/www.alpwirtschaft.ch\/fr\/wp-json\/wp\/v2\/categories?post=2046"},{"taxonomy":"post_tag","embeddable":true,"href":"https:\/\/www.alpwirtschaft.ch\/fr\/wp-json\/wp\/v2\/tags?post=2046"}],"curies":[{"name":"wp","href":"https:\/\/api.w.org\/{rel}","templated":true}]}}