{"id":2056,"date":"2020-05-04T17:00:46","date_gmt":"2020-05-04T17:00:46","guid":{"rendered":"http:\/\/www.alpwirtschaft.ch\/?p=2056"},"modified":"2020-10-01T11:22:51","modified_gmt":"2020-10-01T11:22:51","slug":"corona-economie-alpestre","status":"publish","type":"post","link":"https:\/\/www.alpwirtschaft.ch\/fr\/corona-economie-alpestre\/","title":{"rendered":"Corona &#038; \u00e9conomie alpestre"},"content":{"rendered":"<p><span id=\"p0\" class=\"\">La crise du coronavirus affecte \u00e9galement l&rsquo;\u00e9conomie alpestre.<\/span><span id=\"p1\" class=\"\">&nbsp;La situation est en constante \u00e9volution. On peut rappeler, que e<\/span><span class=\"\">n principe, les m\u00eames r\u00e9glementations s&rsquo;appliquent \u00e0 l&rsquo;\u00e9conomie alpestre qu&rsquo;au reste de l&rsquo;agriculture. L&rsquo;ensemble du dossier \u00ab\u00a0agriculture et coronavirus\u00a0\u00bb est g\u00e9r\u00e9 par l&rsquo;Union suisse des paysans qui met \u00e0 disposition de <a href=\"https:\/\/www.sbv-usp.ch\/fr\/la-crise-du-coronavirus-questions-et-reponses-pour-le-secteur-agricole\/\" target=\"_blank\" rel=\"noopener noreferrer\">plus amples informations.<\/a>&nbsp;<\/span><span id=\"p18\" class=\"\">L&rsquo;Office f\u00e9d\u00e9ral de l&rsquo;agriculture&nbsp;<span id=\"p17\" class=\"\">(<span id=\"27\" class=\"s-rg\">OFAG<\/span>)<\/span>&nbsp;fournit des informations :<\/span><span id=\"p19\" class=\"\">&nbsp;<a href=\"https:\/\/www.blw.admin.ch\/blw\/fr\/home\/nachhaltige-produktion\/produktionssicherheit\/neuescoronavirus.html\" target=\"_blank\" rel=\"noopener noreferrer\"><span id=\"28\" class=\"s-rg\">OFAG &#8211; FAQ<\/span>&nbsp;Coronavirus<\/a>.<\/span><\/p>\n<p><strong>Plans de protection pour les exploitations d&rsquo;estivage<\/strong><\/p>\n<p>Les autorit\u00e9s exigent depuis peu que toutes les exploitations agricoles sur lesquelles travaillent des employ\u00e9s ou des apprentis se dotent d\u2019un plan de protection pour pallier tout risque d\u2019infection au coronavirus. L\u2019USP a cr\u00e9e&nbsp;un&nbsp;<a href=\"https:\/\/www.sbv-usp.ch\/fileadmin\/sbvuspch\/05_Themen\/20200504_Schutzkonzept_Covid-19_d_Landw_Betriebe_mit_Angestellten_oder_Lehrlingen_f.pdf\" target=\"_blank\" rel=\"noopener noreferrer\">plan<\/a>&nbsp;pour les exploitations avec des employ\u00e9s ou des apprentis. Toutes les exploitations concern\u00e9es sont pri\u00e9es de t\u00e9l\u00e9charger le mod\u00e8le, de le compl\u00e9ter au besoin, de l\u2019imprimer et de le signer. Elles doivent aussi s\u2019assurer de l\u2019application des mesures indiqu\u00e9es. La version italienne est disponible <a href=\"https:\/\/www.sbv-usp.ch\/fileadmin\/sbvuspch\/05_Themen\/20200504_Schutzkonzept_Covid-19_d-Landw-Betriebe-mit-Angestellten-oder-Lehrlingen_D_I-SG.pdf\" target=\"_blank\" rel=\"noopener noreferrer\">ici<\/a>.&nbsp;<\/p>\n<p>Pour les offres d&rsquo;agrotourisme (buvettes d&rsquo;alpages etc.), le&nbsp;<a href=\"https:\/\/www.sbv-usp.ch\/fileadmin\/sbvuspch\/05_Themen\/Concept_de_securite.pdf\" target=\"_blank\" rel=\"noopener noreferrer\">plan de protection d&rsquo;agrotourisme suisse<\/a>&nbsp;peut \u00eatre utilis\u00e9.<\/p>\n<h4 dir=\"auto\"><strong>Evaluation&nbsp;de la situation concernant l&rsquo;entr\u00e9e des travailleurs \u00e9trangers en Suisse<\/strong><\/h4>\n<div class=\"\" dir=\"auto\"><span id=\"p195\" class=\"\">Actuellement, les travailleurs \u00e9trangers sont autoris\u00e9s \u00e0 entrer en Suisse, mais ils sont soumis \u00e0 une obligation d\u2019enregistrement pr\u00e9alable.<\/span><span id=\"p196\" class=\"\">&nbsp;Il est tr\u00e8s probable,&nbsp;que ces dispositions resteront en vigueur un certain temps, et le&nbsp;<\/span><span id=\"p197\" class=\"\"><span id=\"214\" class=\"\">personnel&nbsp;<\/span>d&rsquo;alpage peut donc entrer si le processus est suivi. <\/span><span id=\"p201\" class=\"\">La Conf\u00e9d\u00e9ration est consciente que la Suisse continue \u00e0 d\u00e9pendre de ces travailleurs.<\/span><span id=\"p202\" class=\"\">&nbsp;Mais il n&rsquo;y a pas encore de certitude \u00e0 100 %.<\/span><span id=\"p203\" class=\"\">&nbsp;L&rsquo;<span id=\"217\" class=\"s-bl\">Union suisse<\/span>&nbsp;des paysans est en contact avec l&rsquo;Office f\u00e9d\u00e9ral de l&rsquo;agriculture et s&rsquo;efforce, en collaboration avec la&nbsp;<span id=\"218\" class=\"s-rg\">SSEA<\/span>, de faire en sorte que les travailleurs \u00e9trangers puissent continuer \u00e0 entrer en Suisse.<\/span><span id=\"p204\" class=\"\">&nbsp;Apr\u00e8s le 19 avril 2020, la Conf\u00e9d\u00e9ration fournira de nouvelles informations, quant \u00e0 la question des travailleurs&nbsp;<span id=\"219\" class=\"\">\u00e9tranger<\/span>s.<\/span><span id=\"p205\" class=\"\"><\/span><br class=\"\"><br class=\"\"><span id=\"p207\" class=\"\"><span id=\"220\" class=\"s-or\">A<\/span>&nbsp;noter qu&rsquo;il faut aussi prendre en consid\u00e9ration les r\u00e9glementations des pays d&rsquo;origine des travailleurs.<\/span><span id=\"p208\" class=\"\">&nbsp;Les employ\u00e9s d&rsquo;alpage peuvent consulter le site web suivant pour savoir dans quels&nbsp;<span id=\"221\" class=\"s-bl\">pays ils<\/span>&nbsp;peuvent entrer, sortir ou transiter :<\/span><span id=\"p209\" class=\"\">&nbsp;<span id=\"223\" class=\"s-rg\"><a class=\"\" href=\"https:\/\/ec.europa.eu\/transport\/coronavirus-response_en\" target=\"_blank\" rel=\"noopener noreferrer\">https:\/\/ec.europa.eu\/transport\/coronavirus-response_en<\/a><\/span><\/span><span id=\"p211\" class=\"\">&nbsp;<span id=\"p206\" class=\"\">(uniquement en anglais)<\/span>.<\/span><span id=\"p212\" class=\"\">&nbsp;La situation est en constante \u00e9volution.<\/span><\/div>\n<h4 dir=\"auto\"><strong><span id=\"p232\" class=\"\">Entr\u00e9e uniquement avec annonce&nbsp;pr\u00e9alable<\/span><\/strong><\/h4>\n<p dir=\"auto\"><span id=\"p234\" class=\"\">Actuellement, il existe une obligation d&rsquo;annoncer pr\u00e9alablement l&rsquo;entr\u00e9e des travailleurs \u00e9trangers.<\/span><span id=\"p235\" class=\"\">&nbsp;Nous supposons que cette mesure se poursuivra apr\u00e8s le 19 avril.<\/span><span id=\"p236\" class=\"\">&nbsp;Les employeurs doivent soit remplir la \u00ab\u00a0Proc\u00e9dure d\u2019annonce pour les activit\u00e9s lucratives de courte dur\u00e9e\u00a0\u00bb&nbsp;<span id=\"p233\" class=\"\">(jusqu&rsquo;\u00e0 90 jours au maximum)<\/span>, soit obtenir une \u00ab\u00a0Assurance pour une activit\u00e9 lucrative de courte d\u00e9livr\u00e9e par l&#8217;employeur\u00a0\u00bb pour une dur\u00e9e maximale de 120 jours.<\/span><span id=\"p237\" class=\"\">&nbsp;Sans ces documents, les employ\u00e9s d&rsquo;alpage ne peuvent pas entrer dans le pays.<\/span><span id=\"p238\" class=\"\">&nbsp;<strong>Ces d\u00e9marches doivent \u00eatre entreprises suffisament t\u00f4t.<\/strong>&nbsp;<\/span><span id=\"p239\" class=\"\">Vous trouverez de plus amples informations sur le site de l&rsquo;<a class=\"\" href=\"https:\/\/www.sbv-usp.ch\/fr\/ettiquettes\/coronavirus\/#main\" target=\"_blank\" rel=\"noopener noreferrer\">Union suisse des paysans<\/a>.<\/span><span id=\"p240\" class=\"\">&nbsp;<\/span><br class=\"\"><span id=\"p242\" class=\"\"><\/span><br class=\"\">Si malgr\u00e9 tout, votre employ\u00e9 ne peut pas arriver en Suisse, ces informations <span id=\"p14\" class=\"\">conseils sur le recrutement de la main-d&rsquo;\u0153uvre et plateformes d&#8217;emploi pourraient vous aider :<\/span><span id=\"p37\" class=\"\">&nbsp;<a href=\"https:\/\/www.sbv-usp.ch\/fr\/une-plateforme-pour-le-placement-de-main-doeuvre-dans-lagriculture\/\" target=\"_blank\" rel=\"noopener noreferrer\">liens et conseils de l&rsquo;USP<\/a>, plate-forme d&#8217;emploi sp\u00e9cifique pour l&rsquo;\u00e9conomie alpestre :<\/span><span id=\"p16\" class=\"\">&nbsp;<a class=\"\" href=\"http:\/\/www.zalp.ch\/\" target=\"_blank\" rel=\"noopener noreferrer\">www.zalp.ch<\/a>. Les indications sur cette bourse d&#8217;emploi sont traduites, mais elle est connue surtout dans le contexte germanophone pour le moment. <\/span><\/p>\n<ul>\n<li dir=\"auto\"><span id=\"p16\" class=\"\">&nbsp;<a class=\"\" href=\"https:\/\/www.alpwirtschaft.ch\/wp-content\/uploads\/2020\/04\/Indication-francais_zalp.pdf\" target=\"_blank\" rel=\"noopener noreferrer\">pdf: Indications pour l&rsquo;utilisation de la plateforme www.zalp.ch en fran\u00e7ais<\/a>&nbsp;<\/span><\/li>\n<\/ul>\n<h4><strong>Entr\u00e9e pour enfants mineurs et partenaires<\/strong><\/h4>\n<p>Dans les cas d&rsquo;extr\u00eame n\u00e9cessit\u00e9, il est possible pour les personnes ayant une assurance d&rsquo;autorisation de s\u00e9jour ou une confirmation d&rsquo;enregistrement d&rsquo;entrer en Suisse malgr\u00e9 les restrictions d&rsquo;entr\u00e9e. Les enfants mineurs et les partenaires de vie doivent toujours entrer en Suisse avec le titulaire du permis de s\u00e9jour ou de la confirmation de l&rsquo;annonce aupr\u00e8s de SEM. Les preuves correspondantes peuvent \u00eatre pr\u00e9sent\u00e9es directement \u00e0 la fronti\u00e8re. La d\u00e9cision de l&rsquo;autorit\u00e9 de contr\u00f4le des fronti\u00e8res est d\u00e9cisive. Il est n\u00e9cessaire d&rsquo;apporter les documents suivants : Assurance du permis de s\u00e9jour ou confirmation de l&rsquo;annonce, carte d&rsquo;identit\u00e9\/passeport, extraits du registre de la famille, le cas \u00e9ch\u00e9ant. Si les membres de la famille entrent dans le pays plus tard que l&#8217;employ\u00e9, les m\u00eames documents (copies) doivent \u00eatre pr\u00e9sent\u00e9s. La dur\u00e9e du s\u00e9jour d\u00e9pend de la dur\u00e9e du s\u00e9jour des parents. Les informations les plus r\u00e9centes sont disponibles sur le site web de l&rsquo;association des agriculteurs :&nbsp;<a href=\"https:\/\/www.sbv-usp.ch\/fr\/ettiquettes\/coronavirus\/#main\">www.sbv-usp.ch\/fr\/ettiquettes\/coronavirus\/#main&nbsp;<\/a>. Si vous rencontrez des probl\u00e8mes \u00e0 la fronti\u00e8re, nous vous prions de nous le signaler.&nbsp;<\/p>\n<h4><a href=\"https:\/\/www.sbv-usp.ch\/fr\/ettiquettes\/coronavirus\/#main\"><strong>Cours relatifs \u00e0 l&rsquo;\u00e9conomie alpestre<\/strong><\/a><\/h4>\n<p><span id=\"p20\" class=\"\">De<\/span><span id=\"p21\" class=\"\">&nbsp;nombreux cours relatifs \u00e0 l&rsquo;\u00e9conomie alpestre seront adapt\u00e9s dans leur forme.<\/span><span id=\"p22\" class=\"\">&nbsp;Les adaptations seront plus claires apr\u00e8s le 19 avril.&nbsp;<\/span><\/p>\n<p>Si vous avez des pr\u00e9occupations ou des suggestions concr\u00e8tes \u00e0 transmettre \u00e0 la SSEA<span id=\"29\" class=\"\"><\/span>, veuillez contacter&nbsp;<a class=\"\" href=\"mailto:info@alpwirtschaft.ch\" target=\"_blank\" rel=\"noopener noreferrer\">info@alpwirtschaft.ch<\/a>, 076 216 11 20&nbsp;<span id=\"p23\" class=\"\">(Andrea Koch)<\/span>, ou&nbsp;au <a href=\"https:\/\/www.alpwirtschaft.ch\/societe\/comite\/?lang=fr\" target=\"_blank\" rel=\"noopener noreferrer\">membre du comit\u00e9<\/a> de votre r\u00e9gion.<\/p>\n","protected":false},"excerpt":{"rendered":"<p>La crise du coronavirus affecte \u00e9galement l&rsquo;\u00e9conomie alpestre.&nbsp;La situation est en constante \u00e9volution. On peut rappeler, que en principe, les m\u00eames r\u00e9glementations s&rsquo;appliquent \u00e0 l&rsquo;\u00e9conomie alpestre qu&rsquo;au reste de l&rsquo;agriculture. L&rsquo;ensemble du dossier \u00ab\u00a0agriculture et coronavirus\u00a0\u00bb est g\u00e9r\u00e9 par l&rsquo;Union suisse des paysans qui met \u00e0 disposition de plus amples informations.&nbsp;L&rsquo;Office f\u00e9d\u00e9ral de l&rsquo;agriculture&nbsp;(OFAG)&nbsp;fournit des [&hellip;]<\/p>\n","protected":false},"author":5,"featured_media":0,"comment_status":"closed","ping_status":"closed","sticky":false,"template":"","format":"standard","meta":{"ngg_post_thumbnail":0,"footnotes":""},"categories":[9,1],"tags":[],"class_list":["post-2056","post","type-post","status-publish","format-standard","hentry","category-actualites","category-allgemein"],"_links":{"self":[{"href":"https:\/\/www.alpwirtschaft.ch\/fr\/wp-json\/wp\/v2\/posts\/2056","targetHints":{"allow":["GET"]}}],"collection":[{"href":"https:\/\/www.alpwirtschaft.ch\/fr\/wp-json\/wp\/v2\/posts"}],"about":[{"href":"https:\/\/www.alpwirtschaft.ch\/fr\/wp-json\/wp\/v2\/types\/post"}],"author":[{"embeddable":true,"href":"https:\/\/www.alpwirtschaft.ch\/fr\/wp-json\/wp\/v2\/users\/5"}],"replies":[{"embeddable":true,"href":"https:\/\/www.alpwirtschaft.ch\/fr\/wp-json\/wp\/v2\/comments?post=2056"}],"version-history":[{"count":15,"href":"https:\/\/www.alpwirtschaft.ch\/fr\/wp-json\/wp\/v2\/posts\/2056\/revisions"}],"predecessor-version":[{"id":2148,"href":"https:\/\/www.alpwirtschaft.ch\/fr\/wp-json\/wp\/v2\/posts\/2056\/revisions\/2148"}],"wp:attachment":[{"href":"https:\/\/www.alpwirtschaft.ch\/fr\/wp-json\/wp\/v2\/media?parent=2056"}],"wp:term":[{"taxonomy":"category","embeddable":true,"href":"https:\/\/www.alpwirtschaft.ch\/fr\/wp-json\/wp\/v2\/categories?post=2056"},{"taxonomy":"post_tag","embeddable":true,"href":"https:\/\/www.alpwirtschaft.ch\/fr\/wp-json\/wp\/v2\/tags?post=2056"}],"curies":[{"name":"wp","href":"https:\/\/api.w.org\/{rel}","templated":true}]}}