{"id":2848,"date":"2022-03-23T06:05:05","date_gmt":"2022-03-23T06:05:05","guid":{"rendered":"https:\/\/www.alpwirtschaft.ch\/?p=2848"},"modified":"2022-03-23T09:20:10","modified_gmt":"2022-03-23T09:20:10","slug":"permis-pour-lutilisation-des-produits-phytosanitaires","status":"publish","type":"post","link":"https:\/\/www.alpwirtschaft.ch\/fr\/permis-pour-lutilisation-des-produits-phytosanitaires\/","title":{"rendered":"Permis pour l&rsquo;utilisation des produits phytosanitaires"},"content":{"rendered":"\n<p>En ce qui concerne <strong>le permis pour pouvoir acheter et appliquer des produits phytosanitaires<\/strong>, <strong>le Conseil f\u00e9d\u00e9ral souhaite traiter le traitement par plante de la m\u00eame mani\u00e8re que le traitement de surface<\/strong>, par exemple dans le domaine des grandes cultures ou des cultures sp\u00e9ciales. Il en r\u00e9sulte des obligations de formation de base et de formation continue \u00e9tendues, sans distinction entre les m\u00e9thodes de traitement. La SSEA demande une diff\u00e9rencation claire. <a href=\"https:\/\/www.alpwirtschaft.ch\/wp-content\/uploads\/2022\/03\/220228_FABE_Stellungnahme_SAV.pdf\">Prise de position (pdf, en allemand)<\/a><\/p>\n","protected":false},"excerpt":{"rendered":"<p>En ce qui concerne le permis pour pouvoir acheter et appliquer des produits phytosanitaires, le Conseil f\u00e9d\u00e9ral souhaite traiter le traitement par plante de la m\u00eame mani\u00e8re que le traitement de surface, par exemple dans le domaine des grandes cultures ou des cultures sp\u00e9ciales. Il en r\u00e9sulte des obligations de formation de base et de [&hellip;]<\/p>\n","protected":false},"author":5,"featured_media":0,"comment_status":"closed","ping_status":"closed","sticky":false,"template":"","format":"standard","meta":{"ngg_post_thumbnail":0,"footnotes":""},"categories":[9,1,22,14],"tags":[],"class_list":["post-2848","post","type-post","status-publish","format-standard","hentry","category-actualites","category-allgemein","category-prises-de-position","category-stellungnahme"],"_links":{"self":[{"href":"https:\/\/www.alpwirtschaft.ch\/fr\/wp-json\/wp\/v2\/posts\/2848","targetHints":{"allow":["GET"]}}],"collection":[{"href":"https:\/\/www.alpwirtschaft.ch\/fr\/wp-json\/wp\/v2\/posts"}],"about":[{"href":"https:\/\/www.alpwirtschaft.ch\/fr\/wp-json\/wp\/v2\/types\/post"}],"author":[{"embeddable":true,"href":"https:\/\/www.alpwirtschaft.ch\/fr\/wp-json\/wp\/v2\/users\/5"}],"replies":[{"embeddable":true,"href":"https:\/\/www.alpwirtschaft.ch\/fr\/wp-json\/wp\/v2\/comments?post=2848"}],"version-history":[{"count":2,"href":"https:\/\/www.alpwirtschaft.ch\/fr\/wp-json\/wp\/v2\/posts\/2848\/revisions"}],"predecessor-version":[{"id":2855,"href":"https:\/\/www.alpwirtschaft.ch\/fr\/wp-json\/wp\/v2\/posts\/2848\/revisions\/2855"}],"wp:attachment":[{"href":"https:\/\/www.alpwirtschaft.ch\/fr\/wp-json\/wp\/v2\/media?parent=2848"}],"wp:term":[{"taxonomy":"category","embeddable":true,"href":"https:\/\/www.alpwirtschaft.ch\/fr\/wp-json\/wp\/v2\/categories?post=2848"},{"taxonomy":"post_tag","embeddable":true,"href":"https:\/\/www.alpwirtschaft.ch\/fr\/wp-json\/wp\/v2\/tags?post=2848"}],"curies":[{"name":"wp","href":"https:\/\/api.w.org\/{rel}","templated":true}]}}