{"id":2923,"date":"2022-06-02T13:07:29","date_gmt":"2022-06-02T13:07:29","guid":{"rendered":"https:\/\/www.alpwirtschaft.ch\/?p=2923"},"modified":"2022-06-14T09:42:08","modified_gmt":"2022-06-14T09:42:08","slug":"il-est-conseille-de-conclure-une-assurance-pour-les-animaux-estives","status":"publish","type":"post","link":"https:\/\/www.alpwirtschaft.ch\/fr\/il-est-conseille-de-conclure-une-assurance-pour-les-animaux-estives\/","title":{"rendered":"Il est conseill\u00e9 de conclure une assurance pour les animaux estiv\u00e9s"},"content":{"rendered":"\n<p><strong>La Soci\u00e9t\u00e9 suisse d\u2019\u00e9conomie alpestre (SSEA) conseille aux agricultrices et agriculteurs menant leur b\u00e9tail sur un alpage, de conclure un accord avec une soci\u00e9t\u00e9 proposant des services de sauvetage en h\u00e9licopt\u00e8re pour les animaux. Le b\u00e9tail malade ou bless\u00e9 peut ainsi \u00eatre secouru de mani\u00e8re professionnelle, en cas d&rsquo;urgence. Pour les propri\u00e9taires d&rsquo;animaux, les co\u00fbts d\u2019interventions restent acceptables. En 2021, la Rega et Air-Glaciers, les plus importants prestataires de services de sauvetage pour les animaux, ont organis\u00e9 au total pr\u00e8s de 1700 interventions, en faveur de l&rsquo;agriculture de montagne et des alpages.<\/strong><\/p>\n\n\n\n<p><a href=\"https:\/\/www.alpwirtschaft.ch\/wp-content\/uploads\/2022\/06\/220601_CP_Il-est-conseille-de-conclure-une-assurance-pour-les-animaux-estives-1.pdf\">Communiqu\u00e9 de presse<\/a><\/p>\n","protected":false},"excerpt":{"rendered":"<p>La Soci\u00e9t\u00e9 suisse d\u2019\u00e9conomie alpestre (SSEA) conseille aux agricultrices et agriculteurs menant leur b\u00e9tail sur un alpage, de conclure un accord avec une soci\u00e9t\u00e9 proposant des services de sauvetage en h\u00e9licopt\u00e8re pour les animaux. Le b\u00e9tail malade ou bless\u00e9 peut ainsi \u00eatre secouru de mani\u00e8re professionnelle, en cas d&rsquo;urgence. Pour les propri\u00e9taires d&rsquo;animaux, les co\u00fbts [&hellip;]<\/p>\n","protected":false},"author":5,"featured_media":0,"comment_status":"closed","ping_status":"closed","sticky":false,"template":"","format":"standard","meta":{"ngg_post_thumbnail":0,"footnotes":""},"categories":[9,1,20],"tags":[],"class_list":["post-2923","post","type-post","status-publish","format-standard","hentry","category-actualites","category-allgemein","category-communiques-de-presse"],"_links":{"self":[{"href":"https:\/\/www.alpwirtschaft.ch\/fr\/wp-json\/wp\/v2\/posts\/2923","targetHints":{"allow":["GET"]}}],"collection":[{"href":"https:\/\/www.alpwirtschaft.ch\/fr\/wp-json\/wp\/v2\/posts"}],"about":[{"href":"https:\/\/www.alpwirtschaft.ch\/fr\/wp-json\/wp\/v2\/types\/post"}],"author":[{"embeddable":true,"href":"https:\/\/www.alpwirtschaft.ch\/fr\/wp-json\/wp\/v2\/users\/5"}],"replies":[{"embeddable":true,"href":"https:\/\/www.alpwirtschaft.ch\/fr\/wp-json\/wp\/v2\/comments?post=2923"}],"version-history":[{"count":1,"href":"https:\/\/www.alpwirtschaft.ch\/fr\/wp-json\/wp\/v2\/posts\/2923\/revisions"}],"predecessor-version":[{"id":2925,"href":"https:\/\/www.alpwirtschaft.ch\/fr\/wp-json\/wp\/v2\/posts\/2923\/revisions\/2925"}],"wp:attachment":[{"href":"https:\/\/www.alpwirtschaft.ch\/fr\/wp-json\/wp\/v2\/media?parent=2923"}],"wp:term":[{"taxonomy":"category","embeddable":true,"href":"https:\/\/www.alpwirtschaft.ch\/fr\/wp-json\/wp\/v2\/categories?post=2923"},{"taxonomy":"post_tag","embeddable":true,"href":"https:\/\/www.alpwirtschaft.ch\/fr\/wp-json\/wp\/v2\/tags?post=2923"}],"curies":[{"name":"wp","href":"https:\/\/api.w.org\/{rel}","templated":true}]}}