{"id":2970,"date":"2022-07-14T12:59:27","date_gmt":"2022-07-14T12:59:27","guid":{"rendered":"https:\/\/www.alpwirtschaft.ch\/?p=2970"},"modified":"2022-07-14T13:15:55","modified_gmt":"2022-07-14T13:15:55","slug":"resolution-commune-des-societes-deconomie-alpestre-europeennes-il-faut-declasser-le-statut-de-protection-des-grands-predateurs","status":"publish","type":"post","link":"https:\/\/www.alpwirtschaft.ch\/fr\/resolution-commune-des-societes-deconomie-alpestre-europeennes-il-faut-declasser-le-statut-de-protection-des-grands-predateurs\/","title":{"rendered":"R\u00e9solution commune des soci\u00e9t\u00e9s d\u2019\u00e9conomie alpestre europ\u00e9ennes: Il faut d\u00e9classer le statut de protection des grands pr\u00e9dateurs."},"content":{"rendered":"\n<p><strong>Les repr\u00e9sentant\u2219es de l\u2019\u00e9conomie alpestre des r\u00e9gions alpines de Suisse, d\u2019Allemagne, d\u2019Autriche et d\u2019Italie ont adopt\u00e9 une r\u00e9solution commune demandant de revoir le statut de protection du loup. Dans l\u2019espace alpin, la population de loups s\u2019est d\u00e9velopp\u00e9e d\u2019une mani\u00e8re exponentielle ces derni\u00e8res ann\u00e9es et remet ainsi en question l\u2019existence m\u00eame de l\u2019\u00e9conomie alpestre traditionnelle. Un syst\u00e8me de suivi et d&rsquo;\u00e9valuation transnational devrait permettre de d\u00e9finir les bases d\u2019une r\u00e9gulation efficace de la population de loups.<\/strong><\/p>\n\n\n\n<p>Dans le cadre des Journ\u00e9es internationales de l\u2019\u00e9conomie alpestre, qui se sont tenues du 29 juin au 1<sup>er<\/sup> juillet 2022 \u00e0 Vi\u00e8ge, 14 soci\u00e9t\u00e9s de d\u00e9fense des int\u00e9r\u00eats de l\u2019\u00e9conomie alpestre et de l\u2019agriculture de montagne ont adopt\u00e9 une r\u00e9solution sur la mani\u00e8re d\u2019aborder la question des grands pr\u00e9dateurs dans l\u2019espace alpin. La Soci\u00e9t\u00e9 suisse d\u2019\u00e9conomie alpestre (SSEA) figure au nombre des cosignataires. En sa qualit\u00e9 de repr\u00e9sentante des exploitations d\u2019alpage de Suisse, la SSEA a transmis aujourd\u2019hui cette r\u00e9solution au Conseil f\u00e9d\u00e9ral.<\/p>\n\n\n\n<p>Les signataires constatent que le mod\u00e8le d\u2019exploitation traditionnel et multifonctionnel de l\u2019\u00e9conomie alpestre est menac\u00e9 par la croissance exponentielle de la population de loups. Selon l\u2019Union internationale pour la conservation de la nature (UICN), on compte d\u00e9j\u00e0 plus de 150 meutes. Les pronostics laissent entrevoir que la population de loups va continuer de cro\u00eetre fortement ces prochaines ann\u00e9es. Dans l\u2019espace alpin, on peut consid\u00e9rer que l\u2019\u00e9tat de conservation favorable de l\u2019esp\u00e8ce est d\u00e9j\u00e0 atteint. L\u2019exp\u00e9rience acquise dans plusieurs r\u00e9gions a d\u00e9montr\u00e9 que les diverses mesures de protection des troupeaux d\u00e9ploy\u00e9es, telles que cl\u00f4tures, enclos de nuit ou chiens de protection des troupeaux, n\u2019offrent pas une garantie suffisante et qu\u2019elles sont difficilement applicables \u00e0 bien des endroits en raison de la topographie. Plusieurs alpages ont d\u00e9j\u00e0 d\u00fb \u00eatre abandonn\u00e9s. Si cette tendance se poursuit, elle pourrait avoir de graves cons\u00e9quences pour la biodiversit\u00e9, le tourisme et l\u2019\u00e9conomie de l\u2019espace alpin. D\u00e8s lors, les signataires en appellent aux responsables politiques aux niveaux r\u00e9gional, national et europ\u00e9en, afin d\u2019autoriser la r\u00e9gulation des populations de loups \u2013 sur la base d\u2019un syst\u00e8me de suivi et d\u2019\u00e9valuation transnational. Cela ne sera possible qu\u2019apr\u00e8s un d\u00e9classement du statut de protection du loup, d\u00e9finit par la Convention de Berne (<em>Convention relative \u00e0 la conservation de la vie sauvage et du milieu naturel de l\u2019Europe)<\/em>.<\/p>\n\n\n\n<p><a href=\"https:\/\/www.alpwirtschaft.ch\/wp-content\/uploads\/2022\/07\/2022_Resolution_grands-predateurs-1.pdf\">R\u00e9solution<\/a><\/p>\n\n\n\n<p><a href=\"https:\/\/www.alpwirtschaft.ch\/wp-content\/uploads\/2022\/07\/CP_Il-faut-declasser-le-statut-de-protection-du-loup.pdf\" target=\"_blank\" rel=\"noreferrer noopener\">Communiqu\u00e9 de presse<\/a><\/p>\n\n\n\n<p><\/p>\n\n\n\n<p><\/p>\n\n\n\n<p><\/p>\n","protected":false},"excerpt":{"rendered":"<p>Les repr\u00e9sentant\u2219es de l\u2019\u00e9conomie alpestre des r\u00e9gions alpines de Suisse, d\u2019Allemagne, d\u2019Autriche et d\u2019Italie ont adopt\u00e9 une r\u00e9solution commune demandant de revoir le statut de protection du loup. Dans l\u2019espace alpin, la population de loups s\u2019est d\u00e9velopp\u00e9e d\u2019une mani\u00e8re exponentielle ces derni\u00e8res ann\u00e9es et remet ainsi en question l\u2019existence m\u00eame de l\u2019\u00e9conomie alpestre traditionnelle. Un [&hellip;]<\/p>\n","protected":false},"author":5,"featured_media":2976,"comment_status":"closed","ping_status":"closed","sticky":false,"template":"","format":"standard","meta":{"ngg_post_thumbnail":0,"footnotes":""},"categories":[9,1,20],"tags":[],"class_list":["post-2970","post","type-post","status-publish","format-standard","has-post-thumbnail","hentry","category-actualites","category-allgemein","category-communiques-de-presse"],"_links":{"self":[{"href":"https:\/\/www.alpwirtschaft.ch\/fr\/wp-json\/wp\/v2\/posts\/2970","targetHints":{"allow":["GET"]}}],"collection":[{"href":"https:\/\/www.alpwirtschaft.ch\/fr\/wp-json\/wp\/v2\/posts"}],"about":[{"href":"https:\/\/www.alpwirtschaft.ch\/fr\/wp-json\/wp\/v2\/types\/post"}],"author":[{"embeddable":true,"href":"https:\/\/www.alpwirtschaft.ch\/fr\/wp-json\/wp\/v2\/users\/5"}],"replies":[{"embeddable":true,"href":"https:\/\/www.alpwirtschaft.ch\/fr\/wp-json\/wp\/v2\/comments?post=2970"}],"version-history":[{"count":2,"href":"https:\/\/www.alpwirtschaft.ch\/fr\/wp-json\/wp\/v2\/posts\/2970\/revisions"}],"predecessor-version":[{"id":2981,"href":"https:\/\/www.alpwirtschaft.ch\/fr\/wp-json\/wp\/v2\/posts\/2970\/revisions\/2981"}],"wp:featuredmedia":[{"embeddable":true,"href":"https:\/\/www.alpwirtschaft.ch\/fr\/wp-json\/wp\/v2\/media\/2976"}],"wp:attachment":[{"href":"https:\/\/www.alpwirtschaft.ch\/fr\/wp-json\/wp\/v2\/media?parent=2970"}],"wp:term":[{"taxonomy":"category","embeddable":true,"href":"https:\/\/www.alpwirtschaft.ch\/fr\/wp-json\/wp\/v2\/categories?post=2970"},{"taxonomy":"post_tag","embeddable":true,"href":"https:\/\/www.alpwirtschaft.ch\/fr\/wp-json\/wp\/v2\/tags?post=2970"}],"curies":[{"name":"wp","href":"https:\/\/api.w.org\/{rel}","templated":true}]}}