{"id":3174,"date":"2022-11-04T13:27:44","date_gmt":"2022-11-04T13:27:44","guid":{"rendered":"https:\/\/www.alpwirtschaft.ch\/?p=3174"},"modified":"2022-11-08T07:16:05","modified_gmt":"2022-11-08T07:16:05","slug":"assemblee-generale-de-la-ssea-le-loup-et-la-secheresse-au-centre-des-discussions","status":"publish","type":"post","link":"https:\/\/www.alpwirtschaft.ch\/fr\/assemblee-generale-de-la-ssea-le-loup-et-la-secheresse-au-centre-des-discussions\/","title":{"rendered":"Assembl\u00e9e g\u00e9n\u00e9rale de la SSEA : le loup et la s\u00e9cheresse au centre des discussions"},"content":{"rendered":"\n<p><strong>Erich von Siebenthal, pr\u00e9sident de la Soci\u00e9t\u00e9 suisse d\u2019\u00e9conomie alpestre (SSEA), a tir\u00e9 un bilan mitig\u00e9, quant \u00e0 la derni\u00e8re saison d\u2019alpage, marqu\u00e9e par plusieurs difficult\u00e9s. L\u2019augmentation du nombre d\u2019attaques provoqu\u00e9es par les loups, ainsi qu\u2019un \u00e9t\u00e9 tr\u00e8s sec ont fortement compliqu\u00e9 la vie sur les alpages. Dans ce cadre, le pr\u00e9sident a tenu \u00e0 remercier tous les alpagistes pour leur engagement sans faille en faveur de l\u2019\u00e9conomie alpestre.<\/strong><\/p>\n\n\n\n<p><a href=\"https:\/\/www.alpwirtschaft.ch\/wp-content\/uploads\/2022\/11\/CP221104_Assemblee-generale-de-la-SSEA.pdf\">Communiqu\u00e9 de presse<\/a><\/p>\n\n\n\n<figure class=\"wp-block-image size-full\"><a href=\"https:\/\/www.alpwirtschaft.ch\/wp-content\/uploads\/2022\/11\/Erich1-1.jpg\"><img loading=\"lazy\" decoding=\"async\" width=\"627\" height=\"418\" src=\"https:\/\/www.alpwirtschaft.ch\/wp-content\/uploads\/2022\/11\/Erich1-1.jpg\" alt=\"\" class=\"wp-image-3181\" srcset=\"https:\/\/www.alpwirtschaft.ch\/wp-content\/uploads\/2022\/11\/Erich1-1.jpg 627w, https:\/\/www.alpwirtschaft.ch\/wp-content\/uploads\/2022\/11\/Erich1-1-300x200.jpg 300w\" sizes=\"auto, (max-width: 627px) 100vw, 627px\" \/><\/a><\/figure>\n","protected":false},"excerpt":{"rendered":"<p>Erich von Siebenthal, pr\u00e9sident de la Soci\u00e9t\u00e9 suisse d\u2019\u00e9conomie alpestre (SSEA), a tir\u00e9 un bilan mitig\u00e9, quant \u00e0 la derni\u00e8re saison d\u2019alpage, marqu\u00e9e par plusieurs difficult\u00e9s. L\u2019augmentation du nombre d\u2019attaques provoqu\u00e9es par les loups, ainsi qu\u2019un \u00e9t\u00e9 tr\u00e8s sec ont fortement compliqu\u00e9 la vie sur les alpages. Dans ce cadre, le pr\u00e9sident a tenu \u00e0 [&hellip;]<\/p>\n","protected":false},"author":5,"featured_media":0,"comment_status":"closed","ping_status":"closed","sticky":false,"template":"","format":"standard","meta":{"ngg_post_thumbnail":0,"footnotes":""},"categories":[9,1,20],"tags":[],"class_list":["post-3174","post","type-post","status-publish","format-standard","hentry","category-actualites","category-allgemein","category-communiques-de-presse"],"_links":{"self":[{"href":"https:\/\/www.alpwirtschaft.ch\/fr\/wp-json\/wp\/v2\/posts\/3174","targetHints":{"allow":["GET"]}}],"collection":[{"href":"https:\/\/www.alpwirtschaft.ch\/fr\/wp-json\/wp\/v2\/posts"}],"about":[{"href":"https:\/\/www.alpwirtschaft.ch\/fr\/wp-json\/wp\/v2\/types\/post"}],"author":[{"embeddable":true,"href":"https:\/\/www.alpwirtschaft.ch\/fr\/wp-json\/wp\/v2\/users\/5"}],"replies":[{"embeddable":true,"href":"https:\/\/www.alpwirtschaft.ch\/fr\/wp-json\/wp\/v2\/comments?post=3174"}],"version-history":[{"count":2,"href":"https:\/\/www.alpwirtschaft.ch\/fr\/wp-json\/wp\/v2\/posts\/3174\/revisions"}],"predecessor-version":[{"id":3182,"href":"https:\/\/www.alpwirtschaft.ch\/fr\/wp-json\/wp\/v2\/posts\/3174\/revisions\/3182"}],"wp:attachment":[{"href":"https:\/\/www.alpwirtschaft.ch\/fr\/wp-json\/wp\/v2\/media?parent=3174"}],"wp:term":[{"taxonomy":"category","embeddable":true,"href":"https:\/\/www.alpwirtschaft.ch\/fr\/wp-json\/wp\/v2\/categories?post=3174"},{"taxonomy":"post_tag","embeddable":true,"href":"https:\/\/www.alpwirtschaft.ch\/fr\/wp-json\/wp\/v2\/tags?post=3174"}],"curies":[{"name":"wp","href":"https:\/\/api.w.org\/{rel}","templated":true}]}}