{"id":3689,"date":"2023-01-19T12:30:41","date_gmt":"2023-01-19T12:30:41","guid":{"rendered":"https:\/\/www.alpwirtschaft.ch\/?p=3689"},"modified":"2023-03-27T12:35:45","modified_gmt":"2023-03-27T12:35:45","slug":"prise-de-position-sur-la-revision-des-ordonnances-du-droit-des-denrees-alimentaires-projet-stretto-4-%ef%bf%bc","status":"publish","type":"post","link":"https:\/\/www.alpwirtschaft.ch\/fr\/prise-de-position-sur-la-revision-des-ordonnances-du-droit-des-denrees-alimentaires-projet-stretto-4-%ef%bf%bc\/","title":{"rendered":"Prise de position sur la r\u00e9vision des ordonnances du droit des denr\u00e9es alimentaires (projet Stretto 4)\u00a0\ufffc"},"content":{"rendered":"\n<p>Afin d&rsquo;assurer la p\u00e9rennit\u00e9 des fromageries d&rsquo;alpage, la SSEA s&rsquo;engage afin que les conditions de dur\u00e9e de stockage du lait soient assouplies et que les niveaux de fermet\u00e9 des fromages soient adapt\u00e9s. De m\u00eame, la SSEA s&rsquo;est prononc\u00e9e en faveur d&rsquo;une simplification des conditions d&rsquo;abattage \u00e0 la ferme.&nbsp;<\/p>\n\n\n\n<p><a href=\"https:\/\/www.alpwirtschaft.ch\/wp-content\/uploads\/2023\/03\/230119_SAV_Vernehmlassung_Stretto_4-1.pdf\" target=\"_blank\" rel=\"noreferrer noopener\">Prise de position de la SSEA<\/a> (en allemand)<\/p>\n","protected":false},"excerpt":{"rendered":"<p>Afin d&rsquo;assurer la p\u00e9rennit\u00e9 des fromageries d&rsquo;alpage, la SSEA s&rsquo;engage afin que les conditions de dur\u00e9e de stockage du lait soient assouplies et que les niveaux de fermet\u00e9 des fromages soient adapt\u00e9s. De m\u00eame, la SSEA s&rsquo;est prononc\u00e9e en faveur d&rsquo;une simplification des conditions d&rsquo;abattage \u00e0 la ferme.&nbsp; Prise de position de la SSEA (en [&hellip;]<\/p>\n","protected":false},"author":5,"featured_media":0,"comment_status":"closed","ping_status":"closed","sticky":false,"template":"","format":"standard","meta":{"ngg_post_thumbnail":0,"footnotes":""},"categories":[9,1,22],"tags":[],"class_list":["post-3689","post","type-post","status-publish","format-standard","hentry","category-actualites","category-allgemein","category-prises-de-position"],"_links":{"self":[{"href":"https:\/\/www.alpwirtschaft.ch\/fr\/wp-json\/wp\/v2\/posts\/3689","targetHints":{"allow":["GET"]}}],"collection":[{"href":"https:\/\/www.alpwirtschaft.ch\/fr\/wp-json\/wp\/v2\/posts"}],"about":[{"href":"https:\/\/www.alpwirtschaft.ch\/fr\/wp-json\/wp\/v2\/types\/post"}],"author":[{"embeddable":true,"href":"https:\/\/www.alpwirtschaft.ch\/fr\/wp-json\/wp\/v2\/users\/5"}],"replies":[{"embeddable":true,"href":"https:\/\/www.alpwirtschaft.ch\/fr\/wp-json\/wp\/v2\/comments?post=3689"}],"version-history":[{"count":3,"href":"https:\/\/www.alpwirtschaft.ch\/fr\/wp-json\/wp\/v2\/posts\/3689\/revisions"}],"predecessor-version":[{"id":3697,"href":"https:\/\/www.alpwirtschaft.ch\/fr\/wp-json\/wp\/v2\/posts\/3689\/revisions\/3697"}],"wp:attachment":[{"href":"https:\/\/www.alpwirtschaft.ch\/fr\/wp-json\/wp\/v2\/media?parent=3689"}],"wp:term":[{"taxonomy":"category","embeddable":true,"href":"https:\/\/www.alpwirtschaft.ch\/fr\/wp-json\/wp\/v2\/categories?post=3689"},{"taxonomy":"post_tag","embeddable":true,"href":"https:\/\/www.alpwirtschaft.ch\/fr\/wp-json\/wp\/v2\/tags?post=3689"}],"curies":[{"name":"wp","href":"https:\/\/api.w.org\/{rel}","templated":true}]}}