{"id":3693,"date":"2023-02-20T12:34:09","date_gmt":"2023-02-20T12:34:09","guid":{"rendered":"https:\/\/www.alpwirtschaft.ch\/?p=3693"},"modified":"2023-03-27T12:36:39","modified_gmt":"2023-03-27T12:36:39","slug":"prise-de-position-sur-la-modification-de-lordonnance-sur-la-chasse-%ef%bf%bc","status":"publish","type":"post","link":"https:\/\/www.alpwirtschaft.ch\/fr\/prise-de-position-sur-la-modification-de-lordonnance-sur-la-chasse-%ef%bf%bc\/","title":{"rendered":"Prise de position sur la modification de l&rsquo;ordonnance sur la chasse \u00a0\ufffc"},"content":{"rendered":"\n<p>Dans sa prise de position, la SSEA demande un nouvel abaissement des seuils de tol\u00e9rance. De m\u00eame, les co\u00fbts des d\u00e9pr\u00e9dations doivent \u00eatre int\u00e9gralement pris en charge par la Conf\u00e9d\u00e9ration. La SSEA demande \u00e9galement un renversement du fardeau de la preuve en cas de dommages caus\u00e9s par des attaques. Enfin, les chiens de protection de races non \u00ab\u00a0officielles\u00a0\u00bb doivent \u00e9galement \u00eatre reconnus.&nbsp;<\/p>\n\n\n\n<p><a href=\"https:\/\/www.alpwirtschaft.ch\/wp-content\/uploads\/2023\/03\/230221_SAV_Jagdverordnung-1.pdf\" target=\"_blank\" rel=\"noreferrer noopener\">Prise de position de la SSEA (en allemand)<\/a><\/p>\n","protected":false},"excerpt":{"rendered":"<p>Dans sa prise de position, la SSEA demande un nouvel abaissement des seuils de tol\u00e9rance. De m\u00eame, les co\u00fbts des d\u00e9pr\u00e9dations doivent \u00eatre int\u00e9gralement pris en charge par la Conf\u00e9d\u00e9ration. La SSEA demande \u00e9galement un renversement du fardeau de la preuve en cas de dommages caus\u00e9s par des attaques. Enfin, les chiens de protection de [&hellip;]<\/p>\n","protected":false},"author":5,"featured_media":0,"comment_status":"closed","ping_status":"closed","sticky":false,"template":"","format":"standard","meta":{"ngg_post_thumbnail":0,"footnotes":""},"categories":[9,1,22],"tags":[],"class_list":["post-3693","post","type-post","status-publish","format-standard","hentry","category-actualites","category-allgemein","category-prises-de-position"],"_links":{"self":[{"href":"https:\/\/www.alpwirtschaft.ch\/fr\/wp-json\/wp\/v2\/posts\/3693","targetHints":{"allow":["GET"]}}],"collection":[{"href":"https:\/\/www.alpwirtschaft.ch\/fr\/wp-json\/wp\/v2\/posts"}],"about":[{"href":"https:\/\/www.alpwirtschaft.ch\/fr\/wp-json\/wp\/v2\/types\/post"}],"author":[{"embeddable":true,"href":"https:\/\/www.alpwirtschaft.ch\/fr\/wp-json\/wp\/v2\/users\/5"}],"replies":[{"embeddable":true,"href":"https:\/\/www.alpwirtschaft.ch\/fr\/wp-json\/wp\/v2\/comments?post=3693"}],"version-history":[{"count":2,"href":"https:\/\/www.alpwirtschaft.ch\/fr\/wp-json\/wp\/v2\/posts\/3693\/revisions"}],"predecessor-version":[{"id":3696,"href":"https:\/\/www.alpwirtschaft.ch\/fr\/wp-json\/wp\/v2\/posts\/3693\/revisions\/3696"}],"wp:attachment":[{"href":"https:\/\/www.alpwirtschaft.ch\/fr\/wp-json\/wp\/v2\/media?parent=3693"}],"wp:term":[{"taxonomy":"category","embeddable":true,"href":"https:\/\/www.alpwirtschaft.ch\/fr\/wp-json\/wp\/v2\/categories?post=3693"},{"taxonomy":"post_tag","embeddable":true,"href":"https:\/\/www.alpwirtschaft.ch\/fr\/wp-json\/wp\/v2\/tags?post=3693"}],"curies":[{"name":"wp","href":"https:\/\/api.w.org\/{rel}","templated":true}]}}