{"id":3808,"date":"2023-04-05T13:04:31","date_gmt":"2023-04-05T13:04:31","guid":{"rendered":"https:\/\/www.alpwirtschaft.ch\/?p=3808"},"modified":"2023-04-05T13:05:55","modified_gmt":"2023-04-05T13:05:55","slug":"prise-de-position-sur-le-train-dordonnances-agricoles-2023","status":"publish","type":"post","link":"https:\/\/www.alpwirtschaft.ch\/fr\/prise-de-position-sur-le-train-dordonnances-agricoles-2023\/","title":{"rendered":"Prise de position sur le train d&rsquo;ordonnances agricoles 2023"},"content":{"rendered":"\n<p>La SSEA salue l&rsquo;introduction de la contribution suppl\u00e9mentaire pour la protection des troupeaux, ainsi que la r\u00e9glementation relative au mulching sur les alpages. Les charges administratives doivent toutefois \u00eatre abaiss\u00e9es. La r\u00e9duction pr\u00e9vue de certaines contributions ne doit pas entra\u00eener un transfert des fonds des r\u00e9gions de montagne, au profit des r\u00e9gions de plaine.<\/p>\n\n\n\n<p><a href=\"https:\/\/www.alpwirtschaft.ch\/wp-content\/uploads\/2023\/04\/230405_VP23-1.pdf\" target=\"_blank\" rel=\"noreferrer noopener\">Prise de position de la SSEA (en allemand)<\/a><\/p>\n","protected":false},"excerpt":{"rendered":"<p>La SSEA salue l&rsquo;introduction de la contribution suppl\u00e9mentaire pour la protection des troupeaux, ainsi que la r\u00e9glementation relative au mulching sur les alpages. Les charges administratives doivent toutefois \u00eatre abaiss\u00e9es. La r\u00e9duction pr\u00e9vue de certaines contributions ne doit pas entra\u00eener un transfert des fonds des r\u00e9gions de montagne, au profit des r\u00e9gions de plaine. Prise [&hellip;]<\/p>\n","protected":false},"author":5,"featured_media":0,"comment_status":"closed","ping_status":"closed","sticky":false,"template":"","format":"standard","meta":{"ngg_post_thumbnail":0,"footnotes":""},"categories":[9,1,22],"tags":[],"class_list":["post-3808","post","type-post","status-publish","format-standard","hentry","category-actualites","category-allgemein","category-prises-de-position"],"_links":{"self":[{"href":"https:\/\/www.alpwirtschaft.ch\/fr\/wp-json\/wp\/v2\/posts\/3808","targetHints":{"allow":["GET"]}}],"collection":[{"href":"https:\/\/www.alpwirtschaft.ch\/fr\/wp-json\/wp\/v2\/posts"}],"about":[{"href":"https:\/\/www.alpwirtschaft.ch\/fr\/wp-json\/wp\/v2\/types\/post"}],"author":[{"embeddable":true,"href":"https:\/\/www.alpwirtschaft.ch\/fr\/wp-json\/wp\/v2\/users\/5"}],"replies":[{"embeddable":true,"href":"https:\/\/www.alpwirtschaft.ch\/fr\/wp-json\/wp\/v2\/comments?post=3808"}],"version-history":[{"count":2,"href":"https:\/\/www.alpwirtschaft.ch\/fr\/wp-json\/wp\/v2\/posts\/3808\/revisions"}],"predecessor-version":[{"id":3811,"href":"https:\/\/www.alpwirtschaft.ch\/fr\/wp-json\/wp\/v2\/posts\/3808\/revisions\/3811"}],"wp:attachment":[{"href":"https:\/\/www.alpwirtschaft.ch\/fr\/wp-json\/wp\/v2\/media?parent=3808"}],"wp:term":[{"taxonomy":"category","embeddable":true,"href":"https:\/\/www.alpwirtschaft.ch\/fr\/wp-json\/wp\/v2\/categories?post=3808"},{"taxonomy":"post_tag","embeddable":true,"href":"https:\/\/www.alpwirtschaft.ch\/fr\/wp-json\/wp\/v2\/tags?post=3808"}],"curies":[{"name":"wp","href":"https:\/\/api.w.org\/{rel}","templated":true}]}}