{"id":4934,"date":"2023-12-06T08:48:22","date_gmt":"2023-12-06T08:48:22","guid":{"rendered":"https:\/\/www.alpwirtschaft.ch\/?p=4934"},"modified":"2023-12-06T10:39:21","modified_gmt":"2023-12-06T10:39:21","slug":"la-saison-dalpage-inscrite-au-patrimoine-culturel-immateriel-de-lunesco","status":"publish","type":"post","link":"https:\/\/www.alpwirtschaft.ch\/fr\/la-saison-dalpage-inscrite-au-patrimoine-culturel-immateriel-de-lunesco\/","title":{"rendered":"La saison d\u2019alpage inscrite au patrimoine culturel immat\u00e9riel de l\u2019UNESCO"},"content":{"rendered":"\n<p><strong>L\u2019UNESCO a inscrit le 5.12.2023 la saison d\u2019alpage sur la Liste repr\u00e9sentative du patrimoine culturel immat\u00e9riel de l\u2019humanit\u00e9. Tradition embl\u00e9matique des zones de montagne suisses, la saison d\u2019alpage rassemble des savoir-faire, coutumes et rituels autour de l\u2019\u00e9conomie alpestre.<\/strong><\/p>\n\n\n\n<p>Le Comit\u00e9 intergouvernemental de l\u2019UNESCO pour la sauvegarde du patrimoine culturel immat\u00e9riel, r\u00e9uni \u00e0 Kasane au Botswana pour sa 18e session, a inscrit la saison d\u2019alpage sur la Liste repr\u00e9sentative du patrimoine culturel immat\u00e9riel de l\u2019humanit\u00e9. Dans sa d\u00e9cision l\u2019UNESCO met en \u00e9vidence la qualit\u00e9 du dossier et du film pr\u00e9sent\u00e9s.<\/p>\n\n\n\n<p><a href=\"https:\/\/www.bak.admin.ch\/bak\/fr\/home\/actualites\/nsb-news.msg-id-99168.html\">Communiqu\u00e9 de presse<\/a><\/p>\n","protected":false},"excerpt":{"rendered":"<p>L\u2019UNESCO a inscrit le 5.12.2023 la saison d\u2019alpage sur la Liste repr\u00e9sentative du patrimoine culturel immat\u00e9riel de l\u2019humanit\u00e9. Tradition embl\u00e9matique des zones de montagne suisses, la saison d\u2019alpage rassemble des savoir-faire, coutumes et rituels autour de l\u2019\u00e9conomie alpestre. Le Comit\u00e9 intergouvernemental de l\u2019UNESCO pour la sauvegarde du patrimoine culturel immat\u00e9riel, r\u00e9uni \u00e0 Kasane au Botswana [&hellip;]<\/p>\n","protected":false},"author":5,"featured_media":4941,"comment_status":"closed","ping_status":"closed","sticky":false,"template":"","format":"standard","meta":{"ngg_post_thumbnail":0,"footnotes":""},"categories":[9,1,20,2],"tags":[],"class_list":["post-4934","post","type-post","status-publish","format-standard","has-post-thumbnail","hentry","category-actualites","category-allgemein","category-communiques-de-presse","category-medienmitteilungen"],"_links":{"self":[{"href":"https:\/\/www.alpwirtschaft.ch\/fr\/wp-json\/wp\/v2\/posts\/4934","targetHints":{"allow":["GET"]}}],"collection":[{"href":"https:\/\/www.alpwirtschaft.ch\/fr\/wp-json\/wp\/v2\/posts"}],"about":[{"href":"https:\/\/www.alpwirtschaft.ch\/fr\/wp-json\/wp\/v2\/types\/post"}],"author":[{"embeddable":true,"href":"https:\/\/www.alpwirtschaft.ch\/fr\/wp-json\/wp\/v2\/users\/5"}],"replies":[{"embeddable":true,"href":"https:\/\/www.alpwirtschaft.ch\/fr\/wp-json\/wp\/v2\/comments?post=4934"}],"version-history":[{"count":1,"href":"https:\/\/www.alpwirtschaft.ch\/fr\/wp-json\/wp\/v2\/posts\/4934\/revisions"}],"predecessor-version":[{"id":4935,"href":"https:\/\/www.alpwirtschaft.ch\/fr\/wp-json\/wp\/v2\/posts\/4934\/revisions\/4935"}],"wp:featuredmedia":[{"embeddable":true,"href":"https:\/\/www.alpwirtschaft.ch\/fr\/wp-json\/wp\/v2\/media\/4941"}],"wp:attachment":[{"href":"https:\/\/www.alpwirtschaft.ch\/fr\/wp-json\/wp\/v2\/media?parent=4934"}],"wp:term":[{"taxonomy":"category","embeddable":true,"href":"https:\/\/www.alpwirtschaft.ch\/fr\/wp-json\/wp\/v2\/categories?post=4934"},{"taxonomy":"post_tag","embeddable":true,"href":"https:\/\/www.alpwirtschaft.ch\/fr\/wp-json\/wp\/v2\/tags?post=4934"}],"curies":[{"name":"wp","href":"https:\/\/api.w.org\/{rel}","templated":true}]}}