{"id":4965,"date":"2023-12-12T13:58:02","date_gmt":"2023-12-12T13:58:02","guid":{"rendered":"https:\/\/www.alpwirtschaft.ch\/?p=4965"},"modified":"2023-12-12T13:59:02","modified_gmt":"2023-12-12T13:59:02","slug":"la-regulation-du-loup-doit-se-poursuivre","status":"publish","type":"post","link":"https:\/\/www.alpwirtschaft.ch\/fr\/la-regulation-du-loup-doit-se-poursuivre\/","title":{"rendered":"La r\u00e9gulation du loup doit se poursuivre"},"content":{"rendered":"\n<p>Avec leurs recours, les organisations environnementales torpillent la r\u00e9gulation pr\u00e9ventive du loup. Pour l&rsquo;Union suisse des paysans et la Soci\u00e9t\u00e9 suisse d&rsquo;\u00e9conomie alpestre, ces oppositions sont incompr\u00e9hensibles. Elles entravent la r\u00e9gulation urgente et n\u00e9cessaire des populations de loups. Cons\u00e9quences : une mise en danger de l&rsquo;\u00e9conomie alpestre, des pertes encore plus importantes d\u2019animaux de rente et la n\u00e9cessit\u00e9 de tirs de r\u00e9gulation encore plus nombreux \u00e0 l\u2019avenir.<\/p>\n\n\n\n<p><a href=\"https:\/\/www.alpwirtschaft.ch\/wp-content\/uploads\/2023\/12\/231212-MM-Reaktion-Wolfsregulation-fr-1.pdf\">Communiqu\u00e9 de presse du 12.12.2023 <\/a><\/p>\n","protected":false},"excerpt":{"rendered":"<p>Avec leurs recours, les organisations environnementales torpillent la r\u00e9gulation pr\u00e9ventive du loup. Pour l&rsquo;Union suisse des paysans et la Soci\u00e9t\u00e9 suisse d&rsquo;\u00e9conomie alpestre, ces oppositions sont incompr\u00e9hensibles. Elles entravent la r\u00e9gulation urgente et n\u00e9cessaire des populations de loups. Cons\u00e9quences : une mise en danger de l&rsquo;\u00e9conomie alpestre, des pertes encore plus importantes d\u2019animaux de rente [&hellip;]<\/p>\n","protected":false},"author":5,"featured_media":4462,"comment_status":"closed","ping_status":"closed","sticky":false,"template":"","format":"standard","meta":{"ngg_post_thumbnail":0,"footnotes":""},"categories":[9,1,20],"tags":[],"class_list":["post-4965","post","type-post","status-publish","format-standard","has-post-thumbnail","hentry","category-actualites","category-allgemein","category-communiques-de-presse"],"_links":{"self":[{"href":"https:\/\/www.alpwirtschaft.ch\/fr\/wp-json\/wp\/v2\/posts\/4965","targetHints":{"allow":["GET"]}}],"collection":[{"href":"https:\/\/www.alpwirtschaft.ch\/fr\/wp-json\/wp\/v2\/posts"}],"about":[{"href":"https:\/\/www.alpwirtschaft.ch\/fr\/wp-json\/wp\/v2\/types\/post"}],"author":[{"embeddable":true,"href":"https:\/\/www.alpwirtschaft.ch\/fr\/wp-json\/wp\/v2\/users\/5"}],"replies":[{"embeddable":true,"href":"https:\/\/www.alpwirtschaft.ch\/fr\/wp-json\/wp\/v2\/comments?post=4965"}],"version-history":[{"count":1,"href":"https:\/\/www.alpwirtschaft.ch\/fr\/wp-json\/wp\/v2\/posts\/4965\/revisions"}],"predecessor-version":[{"id":4967,"href":"https:\/\/www.alpwirtschaft.ch\/fr\/wp-json\/wp\/v2\/posts\/4965\/revisions\/4967"}],"wp:featuredmedia":[{"embeddable":true,"href":"https:\/\/www.alpwirtschaft.ch\/fr\/wp-json\/wp\/v2\/media\/4462"}],"wp:attachment":[{"href":"https:\/\/www.alpwirtschaft.ch\/fr\/wp-json\/wp\/v2\/media?parent=4965"}],"wp:term":[{"taxonomy":"category","embeddable":true,"href":"https:\/\/www.alpwirtschaft.ch\/fr\/wp-json\/wp\/v2\/categories?post=4965"},{"taxonomy":"post_tag","embeddable":true,"href":"https:\/\/www.alpwirtschaft.ch\/fr\/wp-json\/wp\/v2\/tags?post=4965"}],"curies":[{"name":"wp","href":"https:\/\/api.w.org\/{rel}","templated":true}]}}