{"id":6153,"date":"2024-12-02T13:24:30","date_gmt":"2024-12-02T13:24:30","guid":{"rendered":"https:\/\/www.alpwirtschaft.ch\/?p=6153"},"modified":"2024-12-02T13:25:30","modified_gmt":"2024-12-02T13:25:30","slug":"il-faut-reguler-la-croissance-continue-des-populations-de-loups","status":"publish","type":"post","link":"https:\/\/www.alpwirtschaft.ch\/fr\/il-faut-reguler-la-croissance-continue-des-populations-de-loups\/","title":{"rendered":"Il faut r\u00e9guler la croissance continue des populations de loups"},"content":{"rendered":"\n<p><strong>Les derniers chiffres de la Conf\u00e9d\u00e9ration montrent que les populations de loups continuent de s\u2019\u00e9tendre. Une \u00e9limination imm\u00e9diate des meutes et des loups probl\u00e9matiques permettrait de r\u00e9duire consid\u00e9rablement les risques de conflit avec l\u2019agriculture et l\u2019\u00e9conomie alpestre.<\/strong><\/p>\n\n\n\n<p><strong><a href=\"https:\/\/www.alpwirtschaft.ch\/wp-content\/uploads\/2024\/12\/241202_MM_Il-faut-reguler-la-croissance-continue-des-populations-de-loups.pdf\" target=\"_blank\" rel=\"noreferrer noopener\">Communiqu\u00e9 de presse du 2 d\u00e9cembre 2024<\/a><\/strong><\/p>\n","protected":false},"excerpt":{"rendered":"<p>Les derniers chiffres de la Conf\u00e9d\u00e9ration montrent que les populations de loups continuent de s\u2019\u00e9tendre. Une \u00e9limination imm\u00e9diate des meutes et des loups probl\u00e9matiques permettrait de r\u00e9duire consid\u00e9rablement les risques de conflit avec l\u2019agriculture et l\u2019\u00e9conomie alpestre. Communiqu\u00e9 de presse du 2 d\u00e9cembre 2024<\/p>\n","protected":false},"author":5,"featured_media":6155,"comment_status":"closed","ping_status":"closed","sticky":false,"template":"","format":"standard","meta":{"ngg_post_thumbnail":0,"footnotes":""},"categories":[9,1,20],"tags":[],"class_list":["post-6153","post","type-post","status-publish","format-standard","has-post-thumbnail","hentry","category-actualites","category-allgemein","category-communiques-de-presse"],"_links":{"self":[{"href":"https:\/\/www.alpwirtschaft.ch\/fr\/wp-json\/wp\/v2\/posts\/6153","targetHints":{"allow":["GET"]}}],"collection":[{"href":"https:\/\/www.alpwirtschaft.ch\/fr\/wp-json\/wp\/v2\/posts"}],"about":[{"href":"https:\/\/www.alpwirtschaft.ch\/fr\/wp-json\/wp\/v2\/types\/post"}],"author":[{"embeddable":true,"href":"https:\/\/www.alpwirtschaft.ch\/fr\/wp-json\/wp\/v2\/users\/5"}],"replies":[{"embeddable":true,"href":"https:\/\/www.alpwirtschaft.ch\/fr\/wp-json\/wp\/v2\/comments?post=6153"}],"version-history":[{"count":1,"href":"https:\/\/www.alpwirtschaft.ch\/fr\/wp-json\/wp\/v2\/posts\/6153\/revisions"}],"predecessor-version":[{"id":6154,"href":"https:\/\/www.alpwirtschaft.ch\/fr\/wp-json\/wp\/v2\/posts\/6153\/revisions\/6154"}],"wp:featuredmedia":[{"embeddable":true,"href":"https:\/\/www.alpwirtschaft.ch\/fr\/wp-json\/wp\/v2\/media\/6155"}],"wp:attachment":[{"href":"https:\/\/www.alpwirtschaft.ch\/fr\/wp-json\/wp\/v2\/media?parent=6153"}],"wp:term":[{"taxonomy":"category","embeddable":true,"href":"https:\/\/www.alpwirtschaft.ch\/fr\/wp-json\/wp\/v2\/categories?post=6153"},{"taxonomy":"post_tag","embeddable":true,"href":"https:\/\/www.alpwirtschaft.ch\/fr\/wp-json\/wp\/v2\/tags?post=6153"}],"curies":[{"name":"wp","href":"https:\/\/api.w.org\/{rel}","templated":true}]}}