{"id":6339,"date":"2025-03-10T10:08:48","date_gmt":"2025-03-10T10:08:48","guid":{"rendered":"https:\/\/www.alpwirtschaft.ch\/?p=6339"},"modified":"2025-03-10T12:54:50","modified_gmt":"2025-03-10T12:54:50","slug":"prise-de-position-sur-la-revision-de-lo","status":"publish","type":"post","link":"https:\/\/www.alpwirtschaft.ch\/fr\/prise-de-position-sur-la-revision-de-lo\/","title":{"rendered":"Prise de position sur la r\u00e9vision de l&rsquo;ordonnance sur les biotopes d&rsquo;importance nationale (paquet d&rsquo;ordonnances environnementales de l&rsquo;automne 2025)"},"content":{"rendered":"\n<p>Les objectifs de la r\u00e9vision de l\u2019ordonnance sur les biotopes d&rsquo;importance nationale ne sont pas contest\u00e9s par la SSEA. Des adaptations doivent toutefois \u00eatre apport\u00e9es au processus : la dur\u00e9e de la participation \u00e0 la consultation doit \u00eatre prolong\u00e9e de mani\u00e8re \u00e0 permettre une participation ad\u00e9quate des propri\u00e9taires fonciers et des exploitants. Lors de la d\u00e9termination de nouvelles surfaces d&rsquo;inventaire, il est imp\u00e9ratif que les exploitants et puissent collaborer d\u2019\u00e9gal \u00e0 \u00e9gal avec les autorit\u00e9s d&rsquo;ex\u00e9cution. En outre, en r\u00e9gion d\u2019estivage, il est n\u00e9cessaire qu\u2019il soit possible d\u2019effectuer des apports mod\u00e9r\u00e9s d&rsquo;engrais de ferme sur les surfaces d&rsquo;inventaire.<\/p>\n\n\n\n<p><a href=\"https:\/\/www.alpwirtschaft.ch\/wp-content\/uploads\/2025\/03\/250305_VO-ueber-die-Biotope-von-nationaler-Bedeutung_Stellungnahme-SAV-1.pdf\" target=\"_blank\" rel=\"noreferrer noopener\"><strong>Prise de position de la SSEA (en allemand)<\/strong><\/a><\/p>\n","protected":false},"excerpt":{"rendered":"<p>Les objectifs de la r\u00e9vision de l\u2019ordonnance sur les biotopes d&rsquo;importance nationale ne sont pas contest\u00e9s par la SSEA. Des adaptations doivent toutefois \u00eatre apport\u00e9es au processus : la dur\u00e9e de la participation \u00e0 la consultation doit \u00eatre prolong\u00e9e de mani\u00e8re \u00e0 permettre une participation ad\u00e9quate des propri\u00e9taires fonciers et des exploitants. Lors de la [&hellip;]<\/p>\n","protected":false},"author":5,"featured_media":6340,"comment_status":"closed","ping_status":"closed","sticky":false,"template":"","format":"standard","meta":{"ngg_post_thumbnail":0,"footnotes":""},"categories":[9,1,22],"tags":[],"class_list":["post-6339","post","type-post","status-publish","format-standard","has-post-thumbnail","hentry","category-actualites","category-allgemein","category-prises-de-position"],"_links":{"self":[{"href":"https:\/\/www.alpwirtschaft.ch\/fr\/wp-json\/wp\/v2\/posts\/6339","targetHints":{"allow":["GET"]}}],"collection":[{"href":"https:\/\/www.alpwirtschaft.ch\/fr\/wp-json\/wp\/v2\/posts"}],"about":[{"href":"https:\/\/www.alpwirtschaft.ch\/fr\/wp-json\/wp\/v2\/types\/post"}],"author":[{"embeddable":true,"href":"https:\/\/www.alpwirtschaft.ch\/fr\/wp-json\/wp\/v2\/users\/5"}],"replies":[{"embeddable":true,"href":"https:\/\/www.alpwirtschaft.ch\/fr\/wp-json\/wp\/v2\/comments?post=6339"}],"version-history":[{"count":2,"href":"https:\/\/www.alpwirtschaft.ch\/fr\/wp-json\/wp\/v2\/posts\/6339\/revisions"}],"predecessor-version":[{"id":6343,"href":"https:\/\/www.alpwirtschaft.ch\/fr\/wp-json\/wp\/v2\/posts\/6339\/revisions\/6343"}],"wp:featuredmedia":[{"embeddable":true,"href":"https:\/\/www.alpwirtschaft.ch\/fr\/wp-json\/wp\/v2\/media\/6340"}],"wp:attachment":[{"href":"https:\/\/www.alpwirtschaft.ch\/fr\/wp-json\/wp\/v2\/media?parent=6339"}],"wp:term":[{"taxonomy":"category","embeddable":true,"href":"https:\/\/www.alpwirtschaft.ch\/fr\/wp-json\/wp\/v2\/categories?post=6339"},{"taxonomy":"post_tag","embeddable":true,"href":"https:\/\/www.alpwirtschaft.ch\/fr\/wp-json\/wp\/v2\/tags?post=6339"}],"curies":[{"name":"wp","href":"https:\/\/api.w.org\/{rel}","templated":true}]}}