{"id":8073,"date":"2025-12-04T07:51:19","date_gmt":"2025-12-04T07:51:19","guid":{"rendered":"https:\/\/www.alpwirtschaft.ch\/?p=8073"},"modified":"2025-12-08T15:29:02","modified_gmt":"2025-12-08T15:29:02","slug":"creation-de-lassociation-saison-dalpage-vivante-les-fondements-de-la-concretisation-de-la-reconnaissance-par-lunesco-sont-poses","status":"publish","type":"post","link":"https:\/\/www.alpwirtschaft.ch\/fr\/creation-de-lassociation-saison-dalpage-vivante-les-fondements-de-la-concretisation-de-la-reconnaissance-par-lunesco-sont-poses\/","title":{"rendered":"Cr\u00e9ation de l\u2019association \u00abSaison d\u2019alpage vivante\u00bb: les fondements de la concr\u00e9tisation de la reconnaissance par l\u2019Unesco sont pos\u00e9s"},"content":{"rendered":"\n<p><strong>La nouvelle association constitu\u00e9e ce jour m\u00eame se chargera d\u00e9sormais de coordonner la concr\u00e9tisation de l\u2019inscription de la saison d\u2019alpage sur la Liste repr\u00e9sentative du patrimoine culturel immat\u00e9riel de l\u2019humanit\u00e9 de l\u2019Unesco et d\u2019en assurer la communication au niveau national. Cette association s\u2019est fix\u00e9 pour objectif de rassembler les divers acteurs de l\u2019\u00e9conomie alpestre, afin de la rendre plus dynamique et r\u00e9siliente.<\/strong><\/p>\n\n\n\n<p><strong><a href=\"https:\/\/www.alpwirtschaft.ch\/wp-content\/uploads\/2025\/12\/251204_CP_Creation-de-lassociation-Saison-dalpage-vivante.pdf\">Communiqu\u00e9 de presse<\/a><\/strong><\/p>\n\n\n\n<p>Photo: \u00a9Marco Volken<\/p>\n\n\n\n<p><\/p>\n","protected":false},"excerpt":{"rendered":"<p>La nouvelle association constitu\u00e9e ce jour m\u00eame se chargera d\u00e9sormais de coordonner la concr\u00e9tisation de l\u2019inscription de la saison d\u2019alpage sur la Liste repr\u00e9sentative du patrimoine culturel immat\u00e9riel de l\u2019humanit\u00e9 de l\u2019Unesco et d\u2019en assurer la communication au niveau national. Cette association s\u2019est fix\u00e9 pour objectif de rassembler les divers acteurs de l\u2019\u00e9conomie alpestre, afin [&hellip;]<\/p>\n","protected":false},"author":5,"featured_media":8081,"comment_status":"closed","ping_status":"closed","sticky":false,"template":"","format":"standard","meta":{"ngg_post_thumbnail":0,"footnotes":""},"categories":[9,20],"tags":[],"class_list":["post-8073","post","type-post","status-publish","format-standard","has-post-thumbnail","hentry","category-actualites","category-communiques-de-presse"],"_links":{"self":[{"href":"https:\/\/www.alpwirtschaft.ch\/fr\/wp-json\/wp\/v2\/posts\/8073","targetHints":{"allow":["GET"]}}],"collection":[{"href":"https:\/\/www.alpwirtschaft.ch\/fr\/wp-json\/wp\/v2\/posts"}],"about":[{"href":"https:\/\/www.alpwirtschaft.ch\/fr\/wp-json\/wp\/v2\/types\/post"}],"author":[{"embeddable":true,"href":"https:\/\/www.alpwirtschaft.ch\/fr\/wp-json\/wp\/v2\/users\/5"}],"replies":[{"embeddable":true,"href":"https:\/\/www.alpwirtschaft.ch\/fr\/wp-json\/wp\/v2\/comments?post=8073"}],"version-history":[{"count":3,"href":"https:\/\/www.alpwirtschaft.ch\/fr\/wp-json\/wp\/v2\/posts\/8073\/revisions"}],"predecessor-version":[{"id":8085,"href":"https:\/\/www.alpwirtschaft.ch\/fr\/wp-json\/wp\/v2\/posts\/8073\/revisions\/8085"}],"wp:featuredmedia":[{"embeddable":true,"href":"https:\/\/www.alpwirtschaft.ch\/fr\/wp-json\/wp\/v2\/media\/8081"}],"wp:attachment":[{"href":"https:\/\/www.alpwirtschaft.ch\/fr\/wp-json\/wp\/v2\/media?parent=8073"}],"wp:term":[{"taxonomy":"category","embeddable":true,"href":"https:\/\/www.alpwirtschaft.ch\/fr\/wp-json\/wp\/v2\/categories?post=8073"},{"taxonomy":"post_tag","embeddable":true,"href":"https:\/\/www.alpwirtschaft.ch\/fr\/wp-json\/wp\/v2\/tags?post=8073"}],"curies":[{"name":"wp","href":"https:\/\/api.w.org\/{rel}","templated":true}]}}