{"id":8380,"date":"2026-09-02T13:09:28","date_gmt":"2026-09-02T13:09:28","guid":{"rendered":"https:\/\/www.alpwirtschaft.ch\/?p=8380"},"modified":"2026-09-02T13:11:33","modified_gmt":"2026-09-02T13:11:33","slug":"prise-de-position-sur-la-revision-de-la-loi-federale-sur-la-chasse","status":"publish","type":"post","link":"https:\/\/www.alpwirtschaft.ch\/fr\/prise-de-position-sur-la-revision-de-la-loi-federale-sur-la-chasse\/","title":{"rendered":"Prise de position sur la r\u00e9vision de la loi f\u00e9d\u00e9rale sur la chasse"},"content":{"rendered":"\n<p>La SSEA salue l\u2019intention de la pr\u00e9sente modification l\u00e9gislative d\u2019autoriser la r\u00e9gulation des loups dans les districts francs ainsi que, toute l\u2019ann\u00e9e, le tir des loups posant probl\u00e8me. En revanche, le projet de loi introduit de nouveaux obstacles \u00e0 la r\u00e9gulation qui doivent imp\u00e9rativement \u00eatre adapt\u00e9s.<\/p>\n\n\n\n<p><strong><a href=\"https:\/\/www.alpwirtschaft.ch\/wp-content\/uploads\/2026\/09\/260920_Stellungnahme_Jaggesetz.pdf\">Prise de position<\/a><\/strong><\/p>\n\n\n\n<p><\/p>\n","protected":false},"excerpt":{"rendered":"<p>La SSEA salue l\u2019intention de la pr\u00e9sente modification l\u00e9gislative d\u2019autoriser la r\u00e9gulation des loups dans les districts francs ainsi que, toute l\u2019ann\u00e9e, le tir des loups posant probl\u00e8me. En revanche, le projet de loi introduit de nouveaux obstacles \u00e0 la r\u00e9gulation qui doivent imp\u00e9rativement \u00eatre adapt\u00e9s. Prise de position<\/p>\n","protected":false},"author":5,"featured_media":8060,"comment_status":"closed","ping_status":"closed","sticky":false,"template":"","format":"standard","meta":{"ngg_post_thumbnail":0,"footnotes":""},"categories":[9],"tags":[],"class_list":["post-8380","post","type-post","status-publish","format-standard","has-post-thumbnail","hentry","category-actualites"],"_links":{"self":[{"href":"https:\/\/www.alpwirtschaft.ch\/fr\/wp-json\/wp\/v2\/posts\/8380","targetHints":{"allow":["GET"]}}],"collection":[{"href":"https:\/\/www.alpwirtschaft.ch\/fr\/wp-json\/wp\/v2\/posts"}],"about":[{"href":"https:\/\/www.alpwirtschaft.ch\/fr\/wp-json\/wp\/v2\/types\/post"}],"author":[{"embeddable":true,"href":"https:\/\/www.alpwirtschaft.ch\/fr\/wp-json\/wp\/v2\/users\/5"}],"replies":[{"embeddable":true,"href":"https:\/\/www.alpwirtschaft.ch\/fr\/wp-json\/wp\/v2\/comments?post=8380"}],"version-history":[{"count":2,"href":"https:\/\/www.alpwirtschaft.ch\/fr\/wp-json\/wp\/v2\/posts\/8380\/revisions"}],"predecessor-version":[{"id":8382,"href":"https:\/\/www.alpwirtschaft.ch\/fr\/wp-json\/wp\/v2\/posts\/8380\/revisions\/8382"}],"wp:featuredmedia":[{"embeddable":true,"href":"https:\/\/www.alpwirtschaft.ch\/fr\/wp-json\/wp\/v2\/media\/8060"}],"wp:attachment":[{"href":"https:\/\/www.alpwirtschaft.ch\/fr\/wp-json\/wp\/v2\/media?parent=8380"}],"wp:term":[{"taxonomy":"category","embeddable":true,"href":"https:\/\/www.alpwirtschaft.ch\/fr\/wp-json\/wp\/v2\/categories?post=8380"},{"taxonomy":"post_tag","embeddable":true,"href":"https:\/\/www.alpwirtschaft.ch\/fr\/wp-json\/wp\/v2\/tags?post=8380"}],"curies":[{"name":"wp","href":"https:\/\/api.w.org\/{rel}","templated":true}]}}